[{"@context":"https:\/\/schema.org\/","@type":"Article","@id":"https:\/\/www.bizzone.cz\/kvalitni-kosmetika-je-klic-ke-krase\/#Article","mainEntityOfPage":"https:\/\/www.bizzone.cz\/kvalitni-kosmetika-je-klic-ke-krase\/","headline":"Kvalitn\u00ed kosmetika je kl\u00ed\u010d ke kr\u00e1se","name":"Kvalitn\u00ed kosmetika je kl\u00ed\u010d ke kr\u00e1se","description":"Co d\u011bl\u00e1te pro to, aby jste m\u011bli hebkou poko\u017eku a obli\u010dej bez akn\u00e9, \u010dern\u00fdch te\u010dek a jin\u00fdch nep\u0159\u00edjemnost\u00ed? N\u011bkdo to ne\u0159e\u0161\u00ed a kosmetiku na to ur\u010denou prakticky nepou\u017e\u00edv\u00e1, z\u00e1rove\u0148 nepou\u017e\u00edv\u00e1 ani takovou, kter\u00e1 p\u0159edch\u00e1z\u00ed ko\u017en\u00edm nedostatk\u016fm. Ale nen\u00ed to \u0161koda? Kdy\u017e se pod\u00edv\u00e1me na dne\u0161n\u00ed rozs\u00e1hl\u00fd trh, tak zjist\u00edme, \u017ee je tam spousta produkt\u016f, kter\u00e9...","datePublished":"2022-12-27","dateModified":"2022-12-27","author":{"@type":"Person","@id":"https:\/\/www.bizzone.cz\/author\/#Person","name":"bizzone.cz\n","url":"https:\/\/www.bizzone.cz\/author\/","identifier":1,"image":{"@type":"ImageObject","@id":"https:\/\/secure.gravatar.com\/avatar\/5522eb0fc8481dea5f6519f6a0b15ee2c46358d48429b281fd7c49cbb5a929f9?s=96&d=mm&r=g","url":"https:\/\/secure.gravatar.com\/avatar\/5522eb0fc8481dea5f6519f6a0b15ee2c46358d48429b281fd7c49cbb5a929f9?s=96&d=mm&r=g","height":96,"width":96}},"publisher":{"@type":"Organization","name":"bizzone.cz","logo":{"@type":"ImageObject","@id":"\/logo.png","url":"\/logo.png","width":600,"height":60}},"image":{"@type":"ImageObject","@id":"https:\/\/www.bizzone.cz\/wp-content\/uploads\/pexels-photo-7480272.jpeg","url":"https:\/\/www.bizzone.cz\/wp-content\/uploads\/pexels-photo-7480272.jpeg","height":0,"width":0},"url":"https:\/\/www.bizzone.cz\/kvalitni-kosmetika-je-klic-ke-krase\/","about":["Kr\u00e1sa"],"wordCount":416,"articleBody":"Co d\u011bl\u00e1te pro to, aby jste m\u011bli hebkou poko\u017eku a obli\u010dej bez akn\u00e9, \u010dern\u00fdch te\u010dek a jin\u00fdch nep\u0159\u00edjemnost\u00ed? N\u011bkdo to ne\u0159e\u0161\u00ed a kosmetiku na to ur\u010denou prakticky nepou\u017e\u00edv\u00e1, z\u00e1rove\u0148 nepou\u017e\u00edv\u00e1 ani takovou, kter\u00e1 p\u0159edch\u00e1z\u00ed ko\u017en\u00edm nedostatk\u016fm. Ale nen\u00ed to \u0161koda? Kdy\u017e se pod\u00edv\u00e1me na dne\u0161n\u00ed rozs\u00e1hl\u00fd trh, tak zjist\u00edme, \u017ee je tam spousta produkt\u016f, kter\u00e9 za to stoj\u00ed. Alespo\u0148 je vyzkou\u0161et. Mo\u017en\u00e1 proto, ze jste se o n\u011b nezaj\u00edmali, tak ani nev\u00edte, \u017ee by V\u00e1s t\u0159eba mohly nadechnout. Prozkoumejte nab\u00eddky a sami se pak rozhodnete, zda do toho p\u016fjdete a nebo z\u016fstanete u sv\u00e9 zajet\u00e9 klasiky.\u00a0Pokud V\u00e1m m\u016f\u017eu sdelit sv\u016fj osobn\u00ed tip, tak t\u00edm jsou bio kosmetick\u00e9 produkty. Jsou v\u00e1\u017en\u011b \u00fa\u017easn\u00e9. Osv\u011bd\u010dily se mi ve vsech sm\u011brech. Pou\u017e\u00edv\u00e1m sprchov\u00e9 gely, t\u011blov\u00e1 ml\u00e9ka a oleje, kr\u00e9my na obli\u010dej, masky na obli\u010dej i sampony na vlasy. Pokud m\u00e1 \u010dlov\u011bk nav\u00edc citlivou poko\u017ekou a nevhodn\u00e1 kosmetika se podepisuje na k\u016f\u017ei v podob\u011b alergi\u00ed a podobn\u00fdch probl\u00e9m\u016f, tak je pro V\u00e1s produkt bio dvojn\u00e1sobn\u011b ta spr\u00e1vn\u00e1 volba. Pokud se alespo\u0148 z ur\u010dit\u00e9 \u010d\u00e1sti zaj\u00edm\u00e1te o ekologii, pak v\u00edte, jak je ozna\u010den\u00ed bio d\u016fle\u017eit\u00e9 a \u017ee m\u00e1 kl\u00ed\u010dov\u00fd v\u00fdznam v \u017eivotn\u00edm prost\u0159ed\u00ed. Hlavn\u011b \u017e\u00e1dn\u00e1 chemie. To je zabij\u00e1k v\u0161eho. V\u017edycky \u0159\u00edk\u00e1m, na co jsou chemick\u00e9 slo\u017eky, kdy\u017e to lze ud\u011blat tak, aby produkty byly \u010dist\u011b p\u0159\u00edrodn\u00ed.\u00a0Bio no\u010dn\u00ed kr\u00e9my na ple\u0165, kter\u00e9 maj\u00ed za \u00fakol \u010distit ple\u0165 a p\u00f3ry po celodenn\u00edm no\u0161en\u00ed make-upu, jsou p\u0159\u00edmo fantastick\u00e9! D\u00edky nim jsem p\u0159estala m\u00edt nep\u0159\u00edjemn\u00e9 akn\u00e9 na \u010dele. Nejen \u017ee nevypad\u00e1 \u00fapln\u011b kouzeln\u011b, ale ob\u010das jsem si pup\u00ednek strhla nehtem a to je nep\u0159\u00edjemn\u00e9. Nav\u00edc nan\u00e1\u0161et make-up na neo\u010di\u0161t\u011bnou ple\u0165 plnou ko\u017en\u00edch vyr\u00e1\u017eek, to nen\u00ed zrovna ide\u00e1ln\u00ed. Dr\u00e1\u017ed\u00edte ji\u017e nemocnou ple\u0165 a pod n\u00e1nosem kosmetiky k\u016f\u017ee ned\u00fdch\u00e1 a nem\u00e1 \u0161anci regenerovat a hojit se. Dejte sv\u00e9 ple\u0165i lep\u0161\u00ed p\u00e9\u010di a nejen ple\u0165i, cel\u00e9mu t\u011blu, d\u00edky skv\u011bl\u00e9 kosmetice, kter\u00e1 um\u00ed z\u00e1zraky.                                                                                                                                                                                                                                                                                                                                                                                        5\/5 - (1 vote)        "},{"@context":"https:\/\/schema.org\/","@type":"BreadcrumbList","itemListElement":[{"@type":"ListItem","position":1,"name":"Kvalitn\u00ed kosmetika je kl\u00ed\u010d ke kr\u00e1se","item":"https:\/\/www.bizzone.cz\/kvalitni-kosmetika-je-klic-ke-krase\/#breadcrumbitem"}]}]