[{"@context":"https:\/\/schema.org\/","@type":"Article","@id":"https:\/\/www.bizzone.cz\/strasak-jmenem-alzheimer\/#Article","mainEntityOfPage":"https:\/\/www.bizzone.cz\/strasak-jmenem-alzheimer\/","headline":"Stra\u0161\u00e1k jm\u00e9nem Alzheimer","name":"Stra\u0161\u00e1k jm\u00e9nem Alzheimer","description":"St\u00e1\u0159\u00ed je sou\u010d\u00e1st\u00ed \u017eivota. M\u011blo by se na n\u011bj pohl\u00ed\u017eet s respektem a se star\u00fdmi lidmi jedna ve velk\u00e9 \u00fact\u011b. Za\u017eili si u\u017e svoje. Tento podzim \u017eivota v\u0161ak p\u0159in\u00e1\u0161\u00ed i jist\u00e1 \u00faskal\u00ed. Neschopnost se o sebe na 100% postarat. Na vin\u011b jsou \u010dasto kloubn\u00ed pot\u00ed\u017ee, ochabnut\u00ed sval\u016f, r\u016fzn\u00e9 nemoci. Jednou z t\u011bch z\u00e1ke\u0159nou nemoc\u00ed je...","datePublished":"2017-02-16","dateModified":"2023-05-05","author":{"@type":"Person","@id":"https:\/\/www.bizzone.cz\/author\/#Person","name":"bizzone.cz\n","url":"https:\/\/www.bizzone.cz\/author\/","identifier":1,"image":{"@type":"ImageObject","@id":"https:\/\/secure.gravatar.com\/avatar\/5522eb0fc8481dea5f6519f6a0b15ee2c46358d48429b281fd7c49cbb5a929f9?s=96&d=mm&r=g","url":"https:\/\/secure.gravatar.com\/avatar\/5522eb0fc8481dea5f6519f6a0b15ee2c46358d48429b281fd7c49cbb5a929f9?s=96&d=mm&r=g","height":96,"width":96}},"publisher":{"@type":"Organization","name":"bizzone.cz","logo":{"@type":"ImageObject","@id":"\/logo.png","url":"\/logo.png","width":600,"height":60}},"image":{"@type":"ImageObject","@id":"https:\/\/bizzone.cz\/wp-content\/uploads\/img_a307524_w2299_t1518767452.jpg","url":"https:\/\/bizzone.cz\/wp-content\/uploads\/img_a307524_w2299_t1518767452.jpg","height":"","width":""},"url":"https:\/\/www.bizzone.cz\/strasak-jmenem-alzheimer\/","about":["Neza\u0159azen\u00e9"],"wordCount":474,"articleBody":" St\u00e1\u0159\u00ed je sou\u010d\u00e1st\u00ed \u017eivota. M\u011blo by se na n\u011bj pohl\u00ed\u017eet s respektem a se star\u00fdmi lidmi jedna ve velk\u00e9 \u00fact\u011b. Za\u017eili si u\u017e svoje. Tento podzim \u017eivota v\u0161ak p\u0159in\u00e1\u0161\u00ed i jist\u00e1 \u00faskal\u00ed. Neschopnost se o sebe na 100% postarat. Na vin\u011b jsou \u010dasto kloubn\u00ed pot\u00ed\u017ee, ochabnut\u00ed sval\u016f, r\u016fzn\u00e9 nemoci. Jednou z t\u011bch z\u00e1ke\u0159nou nemoc\u00ed je tak\u00e9 Alzheimerova choroba.&#13; Smrteln\u00e1 nemoc&#13; Tato z\u00e1ke\u0159nost ud\u011bl\u00e1 z na\u0161ich nejbli\u017e\u0161\u00edch ciz\u00ed lidi. Nejhor\u0161\u00ed na tom je fakt, \u017ee se proti tomu ned\u00e1 nic ud\u011blat. Doposud neexistuje l\u00e9k a posledn\u00edm st\u00e1diem je smrt. Statistiky uv\u00e1d\u00ed, \u017ee po propuknut\u00ed nemoci je d\u00e9lka \u017eivota osm let. Zdali je to moc \u010di m\u00e1lo je subjektivn\u00ed. Pro postihnut\u00e9ho asi m\u00e1lo, ale pro pe\u010duj\u00edc\u00ed osoby o n\u011bm ke konci u\u017e moc.&#13; Jak je mo\u017en\u00e9, \u017ee je \u010dlov\u011bk najednou z ni\u010deho nic dementn\u00ed? Na vin\u011b jsou \u00fabytky acetylcholinu. Tato l\u00e1tka obsa\u017een\u00e1 v mozku je pot\u0159ebn\u00e1 pro veden\u00ed nervov\u00fdch vzruch\u016f. Bez toho nem\u016f\u017eou bu\u0148ky p\u0159ed\u00e1vat informace a mozkov\u00e9 funkce a pam\u011b\u0165 uvad\u00e1. D\u00e1le tu jsou shluky b\u00edlkoviny betaaamyloidu. Ukl\u00e1d\u00e1 se od startu Alzheimera mezi mozkov\u00e9 bu\u0148ky a ty n\u00e1sledn\u011b odum\u00edraj\u00ed.&#13; P\u0159\u00edznaky&#13; Kdy je \u010das nav\u0161t\u00edvit l\u00e9ka\u0159e? Nejl\u00e9pe hned v za\u010d\u00e1tku. Sami na sob\u011b, lze poznat ur\u010dit\u00e9 zm\u011bny. Nepamatujeme si ur\u010dit\u00e1 data a v\u011bci a tak n\u011bjak c\u00edt\u00edte, asi \u0161est\u00fd smysl, \u017ee n\u011bco nen\u00ed v po\u0159\u00e1dku. Nev\u0161imnete-li si vy, m\u011blo by zas\u00e1hnout okol\u00ed. Pokud tedy i na n\u011bkom jin\u00e9m uvid\u00edte, \u017ee si nedok\u00e1\u017ee vzpomenout, co m\u011bl dnes k ob\u011bdu a kam si polo\u017eil telefon, ale v\u00ed, co se stalo p\u0159ed t\u0159iceti lety, zapn\u011bte v hlav\u011b kontrolku. Nemocn\u00ed lid\u00ed \u010dasto ani netu\u0161\u00ed co je za den. Pletou se jim jednotliv\u00e1 slova. Zam\u011b\u0148uj\u00ed je. Nav\u00edc se m\u011bn\u00ed i osobnost a chov\u00e1n\u00ed dan\u00e9ho \u010dlov\u011bka. M\u016f\u017ee za\u010d\u00edt b\u00fdt agresivn\u00ed, nevrl\u00fd. Nic jej nebav\u00ed, nic se mu nechce. Milovan\u00e9 kon\u00ed\u010dky ho u\u017e nezaj\u00edmaj\u00ed a cel\u00e9 dny sed\u00ed a nep\u0159\u00edtomn\u011b hled\u00ed. Takov\u00fd \u010dlov\u011bk u\u017e pot\u0159ebuje nad sebou dohled. Je nebezpe\u010dn\u00fd sob\u011b i sv\u00e9mu okol\u00ed. Zapnut\u00fd ho\u0159\u00e1k nebo zapomenut\u00e1 hadice od vany na zemi v koupeln\u011b ud\u011bl\u00e1 dobrou paseku.&#13; Je dobr\u00e9 p\u0159i p\u00e9\u010di o takov\u00e9ho \u010dlov\u011bka s n\u011bk\u00fdm spolupracovat. Pokud jde o v\u00e1s samotn\u00e9, myslete do budoucna. Co s v\u00e1mi bude, a\u017e zapomenete. Za\u0159i\u010fte se podle toho a nechte na rodin\u011b a p\u0159\u00e1tel\u00edch co nejm\u00e9n\u011b starost\u00ed.                                                                                                                                                                                                                                                                                                                                                                                        4.4\/5 - (13 votes)        "},{"@context":"https:\/\/schema.org\/","@type":"BreadcrumbList","itemListElement":[{"@type":"ListItem","position":1,"name":"Stra\u0161\u00e1k jm\u00e9nem Alzheimer","item":"https:\/\/www.bizzone.cz\/strasak-jmenem-alzheimer\/#breadcrumbitem"}]}]