[{"@context":"https:\/\/schema.org\/","@type":"Article","@id":"https:\/\/www.bizzone.cz\/vsechno-ma-svuj-duvod-najdete-jej\/#Article","mainEntityOfPage":"https:\/\/www.bizzone.cz\/vsechno-ma-svuj-duvod-najdete-jej\/","headline":"V\u0161echno m\u00e1 sv\u016fj d\u016fvod, najd\u011bte jej","name":"V\u0161echno m\u00e1 sv\u016fj d\u016fvod, najd\u011bte jej","description":"Poci\u0165ujete \u010d\u00edm d\u00e1l v\u00edce pocit \u00fazkosti z uzav\u0159en\u00fdch prostor, nebo naopak z t\u011bch otev\u0159en\u00fdch? Pro\u017e\u00edv\u00e1te ka\u017edou noc t\u011b\u017ek\u00e9 no\u010dn\u00ed m\u016fry, jako reakci na krizovou situaci? M\u00e1te stavy, kdy je V\u00e1m v\u0161echno jedno? Kdy se V\u00e1m nechce ani koukat, nato\u017e vyvinout n\u011bjakou aktivitu spojenou s pracovn\u00edmi v\u00fdkony? Jste \u010dasto podr\u00e1\u017ed\u011bn\u00ed a jedn\u00e1te nep\u0159im\u011b\u0159en\u011b situaci?Tr\u00e1p\u00ed V\u00e1s Va\u0161e...","datePublished":"2017-08-23","dateModified":"2023-05-05","author":{"@type":"Person","@id":"https:\/\/www.bizzone.cz\/author\/#Person","name":"bizzone.cz\n","url":"https:\/\/www.bizzone.cz\/author\/","identifier":1,"image":{"@type":"ImageObject","@id":"https:\/\/secure.gravatar.com\/avatar\/5522eb0fc8481dea5f6519f6a0b15ee2c46358d48429b281fd7c49cbb5a929f9?s=96&d=mm&r=g","url":"https:\/\/secure.gravatar.com\/avatar\/5522eb0fc8481dea5f6519f6a0b15ee2c46358d48429b281fd7c49cbb5a929f9?s=96&d=mm&r=g","height":96,"width":96}},"publisher":{"@type":"Organization","name":"bizzone.cz","logo":{"@type":"ImageObject","@id":"\/logo.png","url":"\/logo.png","width":600,"height":60}},"image":{"@type":"ImageObject","@id":"https:\/\/bizzone.cz\/wp-content\/uploads\/img_a323421_w2299_t1535052374.jpg","url":"https:\/\/bizzone.cz\/wp-content\/uploads\/img_a323421_w2299_t1535052374.jpg","height":"","width":""},"url":"https:\/\/www.bizzone.cz\/vsechno-ma-svuj-duvod-najdete-jej\/","about":["Neza\u0159azen\u00e9"],"wordCount":442,"articleBody":"Poci\u0165ujete \u010d\u00edm d\u00e1l v\u00edce pocit \u00fazkosti z uzav\u0159en\u00fdch prostor, nebo naopak z t\u011bch otev\u0159en\u00fdch? Pro\u017e\u00edv\u00e1te ka\u017edou noc t\u011b\u017ek\u00e9 no\u010dn\u00ed m\u016fry, jako reakci na krizovou situaci? M\u00e1te stavy, kdy je V\u00e1m v\u0161echno jedno? Kdy se V\u00e1m nechce ani koukat, nato\u017e vyvinout n\u011bjakou aktivitu spojenou s pracovn\u00edmi v\u00fdkony? Jste \u010dasto podr\u00e1\u017ed\u011bn\u00ed a jedn\u00e1te nep\u0159im\u011b\u0159en\u011b situaci?Tr\u00e1p\u00ed V\u00e1s Va\u0161e pot\u00ed\u017ee? &#13; N\u011bco opravdu nen\u00ed v po\u0159\u00e1dku, a pr\u00e1v\u011b proto byste se m\u011bli zamyslet a naj\u00edt d\u016fvod Va\u0161eho \u0161patn\u00e9ho pocitu, kter\u00fd V\u00e1s tr\u00e1p\u00ed! Mnohdy je to velmi t\u011b\u017ek\u00e9, proto\u017ee \u017e\u00e1dn\u00fd zjevn\u00fd d\u016fvod neexistuje.&#13; \u00b7 Ale m\u016f\u017ee to b\u00fdt t\u0159eba dlouhodob\u00e1 samota po odchodu \u017eivotn\u00edho partnera z Va\u0161eho \u017eivota.&#13; \u00b7 Nebo dlouhodob\u00e9, drobn\u00e9 ne\u00fasp\u011bchy v pr\u00e1ci.&#13; \u00b7 Nebo i \u00fasp\u011bchy, kter\u00e9 nejsou veden\u00edm firmy dostate\u010dn\u011b ocen\u011bny.&#13; A to v\u0161echno se kup\u00ed a kup\u00ed! A\u017e jednoho, ne moc kr\u00e1sn\u00e9ho dne vypluje tato nespokojenost na povrch a za\u010dne tropit ve Va\u0161\u00ed hlav\u011b neplechu!&#13; Pokud nem\u00e1te kamar\u00e1da, nebo kamar\u00e1dku, se kter\u00fdmi byste mohli sv\u00e9 pot\u00ed\u017ee prob\u00edrat, nezbyde V\u00e1m nic jin\u00e9ho, ne\u017e odevzdat sv\u00e9 pot\u00ed\u017ee do rukou specialisty . &#13; Styd\u011bt se nemus\u00edte.&#13; Nic \u0161patn\u00e9ho na sezen\u00ed s psychologem opravdu nen\u00ed. Pot\u0159ebujete toti\u017e nahl\u00e9dnout na sv\u00e9 pot\u00ed\u017ee tak trochu zven\u010d\u00ed. A to sami rozhodn\u011b nedok\u00e1\u017eete.&#13; \u00b7 Pro\u010d byste se m\u011bli tr\u00e1pit d\u00e1l a d\u00e1l?&#13; \u00b7 Pro\u010d byste se m\u011bli stranit spole\u010dnosti bl\u00edzk\u00fdch lid\u00ed?&#13; \u00b7 Pro\u010d byste m\u011bli ztr\u00e1cet kamar\u00e1dy sv\u00fdm nezvykl\u00fdm chov\u00e1n\u00edm?&#13; Za sezen\u00ed se specialistou na du\u0161i se styd\u011bt opravdu nemus\u00edte. Naopak. Mus\u00edte co nejd\u0159\u00edve za\u010d\u00edt s n\u00e1pravou du\u0161evn\u00edho stavu, kter\u00fd V\u00e1s tak ub\u00edj\u00ed a stahuje k pomysln\u00e9mu dnu! Bude to b\u011bh na dlouhou tra\u0165. To se urychlit ned\u00e1. Ale v\u00fdsledkem bude plnohodnotn\u00fd \u017eivot a chu\u0165 jej \u017e\u00edt.D\u016fvody, pro\u010d se d\u011bj\u00ed takov\u00e9 podivn\u00e9 v\u011bci s Va\u0161imi pocity, m\u016f\u017eete naj\u00edt spole\u010dn\u011b s psychologem. A kdy\u017e je budete zn\u00e1t, potom se d\u00e1 z Va\u0161eho \u017eivota u\u010dinit r\u00e1j na zemi. Mo\u017en\u00e1 budete muset zm\u011bnit pr\u00e1ci. Mo\u017en\u00e1 budete muset zm\u011bnit bydli\u0161t\u011b. Mo\u017en\u00e1 budete muset prost\u011b n\u011bco zm\u011bnit, ale v\u011b\u0159te, \u017ee V\u00e1m to pom\u016f\u017ee.                                                                                                                                                                                                                                                                                                                                                                                        4.2\/5 - (8 votes)        "},{"@context":"https:\/\/schema.org\/","@type":"BreadcrumbList","itemListElement":[{"@type":"ListItem","position":1,"name":"V\u0161echno m\u00e1 sv\u016fj d\u016fvod, najd\u011bte jej","item":"https:\/\/www.bizzone.cz\/vsechno-ma-svuj-duvod-najdete-jej\/#breadcrumbitem"}]}]